{"id":4305,"date":"2024-08-21T18:18:32","date_gmt":"2024-08-21T16:18:32","guid":{"rendered":"https:\/\/www.abpartners.cz\/?p=4305"},"modified":"2025-02-02T18:15:32","modified_gmt":"2025-02-02T17:15:32","slug":"novela-zakoniku-prace-od-1-8-2024-zmeny-v-minimalni-mzde","status":"publish","type":"post","link":"https:\/\/www.abpartners.cz\/en\/novela-zakoniku-prace-od-1-8-2024-zmeny-v-minimalni-mzde\/","title":{"rendered":"Changes to the minimum and guaranteed wage"},"content":{"rendered":"<div class=\"fusion-fullwidth fullwidth-box fusion-builder-row-1 fusion-flex-container nonhundred-percent-fullwidth non-hundred-percent-height-scrolling\" style=\"--awb-border-radius-top-left:0px;--awb-border-radius-top-right:0px;--awb-border-radius-bottom-right:0px;--awb-border-radius-bottom-left:0px;--awb-flex-wrap:wrap;\" ><div class=\"fusion-builder-row fusion-row fusion-flex-align-items-flex-start fusion-flex-content-wrap\" style=\"max-width:1248px;margin-left: calc(-4% \/ 2 );margin-right: calc(-4% \/ 2 );\"><div class=\"fusion-layout-column fusion_builder_column fusion-builder-column-0 fusion_builder_column_1_1 1_1 fusion-flex-column\" style=\"--awb-bg-blend:overlay;--awb-bg-size:cover;--awb-width-large:100%;--awb-margin-top-large:0px;--awb-spacing-right-large:1.92%;--awb-margin-bottom-large:0px;--awb-spacing-left-large:1.92%;--awb-width-medium:100%;--awb-spacing-right-medium:1.92%;--awb-spacing-left-medium:1.92%;--awb-width-small:100%;--awb-spacing-right-small:1.92%;--awb-spacing-left-small:1.92%;\"><div class=\"fusion-column-wrapper fusion-flex-justify-content-flex-start fusion-content-layout-column\"><div class=\"fusion-text fusion-text-1\" style=\"--awb-content-alignment:justify;\"><div class=\"\" dir=\"auto\">\n<div id=\":ra:\" class=\"x1iorvi4 x1pi30zi x1l90r2v x1swvt13\" data-ad-comet-preview=\"message\" data-ad-preview=\"message\">\n<div class=\"x78zum5 xdt5ytf xz62fqu x16ldp7u\">\n<div class=\"xu06os2 x1ok221b\">\n<p>On <b>1 August 2024<\/b> Act No. 230\/2024 Coll. came into force, which <b>amends the Labour Code<\/b> and concerns, among other things, the minimum wage indexation mechanism in the Czech Republic. This law implements the EU Directive on adequate minimum wages, introduces rules for calculating and updating the minimum wage and also changes the regulation of guaranteed salary and collective bargaining. In addition, it amends remuneration conditions and introduces new supplements for specific working conditions.<\/p>\n<\/div>\n<\/div>\n<\/div>\n<\/div>\n<\/div><\/div><\/div><div class=\"fusion-layout-column fusion_builder_column fusion-builder-column-1 fusion_builder_column_1_2 1_2 fusion-flex-column\" style=\"--awb-bg-blend:overlay;--awb-bg-size:cover;--awb-width-large:50%;--awb-margin-top-large:0px;--awb-spacing-right-large:3.84%;--awb-margin-bottom-large:0px;--awb-spacing-left-large:3.84%;--awb-width-medium:50%;--awb-spacing-right-medium:3.84%;--awb-spacing-left-medium:3.84%;--awb-width-small:100%;--awb-spacing-right-small:1.92%;--awb-spacing-left-small:1.92%;\"><div class=\"fusion-column-wrapper fusion-flex-justify-content-flex-start fusion-content-layout-column\"><div class=\"fusion-text fusion-text-2\" style=\"--awb-content-alignment:justify;\"><div class=\"\" dir=\"auto\">\n<div id=\":ra:\" class=\"x1iorvi4 x1pi30zi x1l90r2v x1swvt13\" data-ad-comet-preview=\"message\" data-ad-preview=\"message\">\n<div class=\"x78zum5 xdt5ytf xz62fqu x16ldp7u\">\n<div class=\"xu06os2 x1ok221b\">\n<p style=\"font-size: 28px; line-height: 32.4833px;\" data-fusion-font=\"true\"><b style=\"color: #14253f; font-size: 30px;\" data-fusion-font=\"true\">Change in the mechanism for calculating the minimum wage<\/b><\/p>\n<p><b>Minimum wage will be newly set<\/b> the sum of the forecast of the average gross monthly nominal wage in the national economy for the following calendar year and the coefficient for calculating the minimum wage, which is set by the government by regulation, taking into account the cost of living, the rate of wage growth, long-term trends and productivity rates.<\/p>\n<p>The minimum wage for the relevant calendar year will be announced by the Ministry of Labour and Social Affairs by means of a communication <b>always until 30. 9.<\/b> of the preceding calendar year. Employers will thus know the minimum wage relatively in advance compared to previous years and can prepare for it.<\/p>\n<p>Employers will also <b>obliged to pay the employee a supplementary payment<\/b>if the wage or remuneration under the agreement does not reach the minimum wage or minimum remuneration per hour.<\/p>\n<\/div>\n<\/div>\n<\/div>\n<\/div>\n<\/div><\/div><\/div><div class=\"fusion-layout-column fusion_builder_column fusion-builder-column-2 fusion_builder_column_1_2 1_2 fusion-flex-column\" style=\"--awb-bg-blend:overlay;--awb-bg-size:cover;--awb-width-large:50%;--awb-margin-top-large:0px;--awb-spacing-right-large:3.84%;--awb-margin-bottom-large:0px;--awb-spacing-left-large:3.84%;--awb-width-medium:50%;--awb-spacing-right-medium:3.84%;--awb-spacing-left-medium:3.84%;--awb-width-small:100%;--awb-spacing-right-small:1.92%;--awb-spacing-left-small:1.92%;\"><div class=\"fusion-column-wrapper fusion-flex-justify-content-flex-start fusion-content-layout-column\"><div class=\"fusion-image-element\" style=\"--awb-caption-title-font-family:var(--h2_typography-font-family);--awb-caption-title-font-weight:var(--h2_typography-font-weight);--awb-caption-title-font-style:var(--h2_typography-font-style);--awb-caption-title-size:var(--h2_typography-font-size);--awb-caption-title-transform:var(--h2_typography-text-transform);--awb-caption-title-line-height:var(--h2_typography-line-height);--awb-caption-title-letter-spacing:var(--h2_typography-letter-spacing);\"><span class=\"fusion-imageframe imageframe-none imageframe-1 hover-type-none\"><img decoding=\"async\" width=\"1080\" height=\"1080\" title=\"News in law\" src=\"https:\/\/www.abpartners.cz\/wp-content\/uploads\/2024\/08\/Novinky-v-pravu.png\" data-orig-src=\"https:\/\/www.abpartners.cz\/wp-content\/uploads\/2024\/08\/Novinky-v-pravu.png\" alt class=\"lazyload img-responsive wp-image-4348\" srcset=\"data:image\/svg+xml,%3Csvg%20xmlns%3D%27http%3A%2F%2Fwww.w3.org%2F2000%2Fsvg%27%20width%3D%271080%27%20height%3D%271080%27%20viewBox%3D%270%200%201080%201080%27%3E%3Crect%20width%3D%271080%27%20height%3D%271080%27%20fill-opacity%3D%220%22%2F%3E%3C%2Fsvg%3E\" data-srcset=\"https:\/\/www.abpartners.cz\/wp-content\/uploads\/2024\/08\/Novinky-v-pravu-200x200.png 200w, https:\/\/www.abpartners.cz\/wp-content\/uploads\/2024\/08\/Novinky-v-pravu-400x400.png 400w, https:\/\/www.abpartners.cz\/wp-content\/uploads\/2024\/08\/Novinky-v-pravu-600x600.png 600w, https:\/\/www.abpartners.cz\/wp-content\/uploads\/2024\/08\/Novinky-v-pravu-800x800.png 800w, https:\/\/www.abpartners.cz\/wp-content\/uploads\/2024\/08\/Novinky-v-pravu.png 1080w\" data-sizes=\"auto\" data-orig-sizes=\"(max-width: 640px) 100vw, 600px\" \/><\/span><\/div><\/div><\/div><div class=\"fusion-layout-column fusion_builder_column fusion-builder-column-3 fusion_builder_column_1_1 1_1 fusion-flex-column\" style=\"--awb-bg-blend:overlay;--awb-bg-size:cover;--awb-width-large:100%;--awb-margin-top-large:0px;--awb-spacing-right-large:1.92%;--awb-margin-bottom-large:0px;--awb-spacing-left-large:1.92%;--awb-width-medium:100%;--awb-spacing-right-medium:1.92%;--awb-spacing-left-medium:1.92%;--awb-width-small:100%;--awb-spacing-right-small:1.92%;--awb-spacing-left-small:1.92%;\"><div class=\"fusion-column-wrapper fusion-flex-justify-content-flex-start fusion-content-layout-column\"><div class=\"fusion-text fusion-text-3\" style=\"--awb-content-alignment:justify;\"><div class=\"\" dir=\"auto\">\n<div id=\":ra:\" class=\"x1iorvi4 x1pi30zi x1l90r2v x1swvt13\" data-ad-comet-preview=\"message\" data-ad-preview=\"message\">\n<div class=\"x78zum5 xdt5ytf xz62fqu x16ldp7u\">\n<div class=\"xu06os2 x1ok221b\">\n<h2 style=\"font-size: 28px; line-height: 32.4833px;\" data-fusion-font=\"true\"><b><span style=\"line-height: 32.4833px; color: #14253f;\" data-fusion-font=\"true\">Retrieved from<span style=\"font-size: 30px;\" data-fusion-font=\"true\">sewing <\/span><\/span><span style=\"color: #14253f;\"><span style=\"font-size: 30px;\" data-fusion-font=\"true\">For<\/span>guaranteed wages<\/span><\/b><\/h2>\n<p>The guaranteed salary is adjusted with new groups of work according to qualification and difficulty for public sector employers.<\/p>\n<p><b>Guaranteed salary<\/b> private employers <b>is cancelled<\/b>. Employers will thus only have to comply with the minimum wage. For certain professions this could mean a drop in wages, but at the same time the employer should respect the principle of equal pay, i.e. the principle that all employees of an employer are entitled to the same wage, salary or remuneration for the same work or work of equal value. Thus, if an employee who has an agreed salary works for an employer at the guaranteed salary, the new employee should be remunerated equally for the same work.<\/p>\n<h2 data-fusion-font=\"true\"><b style=\"color: var(--awb-color8);\">Changes in the year<span style=\"line-height: 32px;\" data-fusion-font=\"true\">toppling<\/span>taking leave<\/b><\/h2>\n<p>The obligation for employers to issue <b>a written schedule for taking leave<\/b> and new rules are being set for <b>scheduling of working hours<\/b> on the basis of an employer-employee agreement.<\/p>\n<p>Until now, employers were obliged to draw up a so-called leave plan, which unnecessarily increased the administrative burden on employers and as a result these plans were not even followed and changed with the employees' need to take their leave.<\/p>\n<h2 style=\"color: #14253f;\" data-fusion-font=\"true\"><b style=\"line-height: 32px;\" data-fusion-font=\"true\">Changes in remuneration of FTE and FTE<\/b><\/h2>\n<p>The new provision is <b>Option <\/b>negotiate a fee agreement<b> taking into account possible night work, work in difficult environments or work on Saturdays and Sundays<\/b>. It is a condition of such an agreement that the scope of work in the working arrangements specified and the amount of any additional payments that would otherwise be granted are agreed at the same time.<\/p>\n<p style=\"color: var(--awb-color8); font-size: 28px; line-height: 32px;\" data-fusion-font=\"true\"><b style=\"font-size: 30px;\" data-fusion-font=\"true\">Changes effective from 1.1.2025<\/b><\/p>\n<p>As of 2025, employees can now schedule their own working hours by written agreement with their employer. However, the maximum length of the working shift and other legal limits on breaks and rest periods still apply. Employers are not exempted from the obligation to record the working time of all their employees.<\/p>\n<\/div>\n<\/div>\n<\/div>\n<\/div>\n<\/div><div class=\"fusion-text fusion-text-4\" style=\"--awb-content-alignment:justify;\"><\/div><\/div><\/div><div class=\"fusion-layout-column fusion_builder_column fusion-builder-column-4 fusion_builder_column_1_1 1_1 fusion-flex-column\" style=\"--awb-bg-blend:overlay;--awb-bg-size:cover;--awb-width-large:100%;--awb-margin-top-large:0px;--awb-spacing-right-large:1.92%;--awb-margin-bottom-large:0px;--awb-spacing-left-large:1.92%;--awb-width-medium:100%;--awb-spacing-right-medium:1.92%;--awb-spacing-left-medium:1.92%;--awb-width-small:100%;--awb-spacing-right-small:1.92%;--awb-spacing-left-small:1.92%;\"><div class=\"fusion-column-wrapper fusion-flex-justify-content-flex-start fusion-content-layout-column\"><div class=\"fusion-separator\" style=\"align-self: flex-start;margin-right:auto;margin-top:0px;margin-bottom:10px;width:100%;max-width:60px;\"><div class=\"fusion-separator-border sep-single sep-solid\" style=\"--awb-height:20px;--awb-amount:20px;--awb-sep-color:#b61e3f;border-color:#b61e3f;border-top-width:5px;\"><\/div><\/div><div class=\"fusion-text fusion-text-5 fusion-text-no-margin\" style=\"--awb-content-alignment:justify;--awb-margin-bottom:30px;\"><div class=\"\" dir=\"auto\">\n<div id=\":ra:\" class=\"x1iorvi4 x1pi30zi x1l90r2v x1swvt13\" data-ad-comet-preview=\"message\" data-ad-preview=\"message\">\n<div class=\"x78zum5 xdt5ytf xz62fqu x16ldp7u\">\n<div class=\"xu06os2 x1ok221b\">\n<p><b>Mgr. Ing. Mark\u00e9ta Sko\u010dn\u00e1, LL.M.<\/b>, attorney at law<\/p>\n<\/div>\n<\/div>\n<\/div>\n<\/div>\n<\/div><\/div><\/div><\/div><\/div>","protected":false},"excerpt":{"rendered":"","protected":false},"author":17,"featured_media":4348,"comment_status":"closed","ping_status":"open","sticky":false,"template":"","format":"standard","meta":{"_acf_changed":false,"rs_blank_template":"","rs_page_bg_color":"","slide_template_v7":"","footnotes":""},"categories":[34,1,37],"tags":[],"class_list":["post-4305","post","type-post","status-publish","format-standard","has-post-thumbnail","hentry","category-aktuality","category-nezarazene","category-pracovni-pravo"],"acf":[],"yoast_head":"<!-- This site is optimized with the Yoast SEO plugin v27.5 - https:\/\/yoast.com\/product\/yoast-seo-wordpress\/ -->\n<title>Zm\u011bny v minim\u00e1ln\u00ed a zaru\u010den\u00e9 mzd\u011b - AB PARTNERS advok\u00e1ti<\/title>\n<meta name=\"robots\" content=\"index, follow, max-snippet:-1, max-image-preview:large, max-video-preview:-1\" \/>\n<link rel=\"canonical\" href=\"https:\/\/www.abpartners.cz\/en\/novela-zakoniku-prace-od-1-8-2024-zmeny-v-minimalni-mzde\/\" \/>\n<meta property=\"og:locale\" content=\"en_GB\" \/>\n<meta property=\"og:type\" content=\"article\" \/>\n<meta property=\"og:title\" content=\"Zm\u011bny v minim\u00e1ln\u00ed a zaru\u010den\u00e9 mzd\u011b - AB PARTNERS advok\u00e1ti\" \/>\n<meta property=\"og:url\" content=\"https:\/\/www.abpartners.cz\/en\/novela-zakoniku-prace-od-1-8-2024-zmeny-v-minimalni-mzde\/\" \/>\n<meta property=\"og:site_name\" content=\"AB PARTNERS advok\u00e1ti\" \/>\n<meta property=\"article:publisher\" content=\"https:\/\/www.facebook.com\/abpartners.cz\/\" \/>\n<meta property=\"article:published_time\" content=\"2024-08-21T16:18:32+00:00\" \/>\n<meta property=\"article:modified_time\" content=\"2025-02-02T17:15:32+00:00\" \/>\n<meta property=\"og:image\" content=\"https:\/\/www.abpartners.cz\/wp-content\/uploads\/2024\/08\/Novinky-v-pravu.png\" \/>\n\t<meta property=\"og:image:width\" content=\"1080\" \/>\n\t<meta property=\"og:image:height\" content=\"1080\" \/>\n\t<meta property=\"og:image:type\" content=\"image\/png\" \/>\n<meta name=\"author\" content=\"AB PARTNERS advok\u00e1ti\" \/>\n<meta name=\"twitter:card\" content=\"summary_large_image\" \/>\n<meta name=\"twitter:creator\" content=\"@ABPartners_cz\" \/>\n<meta name=\"twitter:site\" content=\"@ABPartners_cz\" \/>\n<meta name=\"twitter:label1\" content=\"Written by\" \/>\n\t<meta name=\"twitter:data1\" content=\"AB PARTNERS advok\u00e1ti\" \/>\n\t<meta name=\"twitter:label2\" content=\"Estimated reading time\" \/>\n\t<meta name=\"twitter:data2\" content=\"3 minutes\" \/>\n<script type=\"application\/ld+json\" class=\"yoast-schema-graph\">{\"@context\":\"https:\\\/\\\/schema.org\",\"@graph\":[{\"@type\":\"Article\",\"@id\":\"https:\\\/\\\/www.abpartners.cz\\\/novela-zakoniku-prace-od-1-8-2024-zmeny-v-minimalni-mzde\\\/#article\",\"isPartOf\":{\"@id\":\"https:\\\/\\\/www.abpartners.cz\\\/novela-zakoniku-prace-od-1-8-2024-zmeny-v-minimalni-mzde\\\/\"},\"author\":{\"name\":\"AB PARTNERS advok\u00e1ti\",\"@id\":\"https:\\\/\\\/www.abpartners.cz\\\/#\\\/schema\\\/person\\\/cec65b5b9ccd7df29c9f4949b8310ba8\"},\"headline\":\"Zm\u011bny v minim\u00e1ln\u00ed a zaru\u010den\u00e9 mzd\u011b\",\"datePublished\":\"2024-08-21T16:18:32+00:00\",\"dateModified\":\"2025-02-02T17:15:32+00:00\",\"mainEntityOfPage\":{\"@id\":\"https:\\\/\\\/www.abpartners.cz\\\/novela-zakoniku-prace-od-1-8-2024-zmeny-v-minimalni-mzde\\\/\"},\"wordCount\":1346,\"publisher\":{\"@id\":\"https:\\\/\\\/www.abpartners.cz\\\/#organization\"},\"image\":{\"@id\":\"https:\\\/\\\/www.abpartners.cz\\\/novela-zakoniku-prace-od-1-8-2024-zmeny-v-minimalni-mzde\\\/#primaryimage\"},\"thumbnailUrl\":\"https:\\\/\\\/www.abpartners.cz\\\/wp-content\\\/uploads\\\/2024\\\/08\\\/Novinky-v-pravu.png\",\"articleSection\":[\"Aktuality\",\"Neza\u0159azen\u00e9\",\"Pracovn\u00ed pr\u00e1vo\"],\"inLanguage\":\"en-GB\"},{\"@type\":\"WebPage\",\"@id\":\"https:\\\/\\\/www.abpartners.cz\\\/novela-zakoniku-prace-od-1-8-2024-zmeny-v-minimalni-mzde\\\/\",\"url\":\"https:\\\/\\\/www.abpartners.cz\\\/novela-zakoniku-prace-od-1-8-2024-zmeny-v-minimalni-mzde\\\/\",\"name\":\"Zm\u011bny v minim\u00e1ln\u00ed a zaru\u010den\u00e9 mzd\u011b - AB PARTNERS advok\u00e1ti\",\"isPartOf\":{\"@id\":\"https:\\\/\\\/www.abpartners.cz\\\/#website\"},\"primaryImageOfPage\":{\"@id\":\"https:\\\/\\\/www.abpartners.cz\\\/novela-zakoniku-prace-od-1-8-2024-zmeny-v-minimalni-mzde\\\/#primaryimage\"},\"image\":{\"@id\":\"https:\\\/\\\/www.abpartners.cz\\\/novela-zakoniku-prace-od-1-8-2024-zmeny-v-minimalni-mzde\\\/#primaryimage\"},\"thumbnailUrl\":\"https:\\\/\\\/www.abpartners.cz\\\/wp-content\\\/uploads\\\/2024\\\/08\\\/Novinky-v-pravu.png\",\"datePublished\":\"2024-08-21T16:18:32+00:00\",\"dateModified\":\"2025-02-02T17:15:32+00:00\",\"breadcrumb\":{\"@id\":\"https:\\\/\\\/www.abpartners.cz\\\/novela-zakoniku-prace-od-1-8-2024-zmeny-v-minimalni-mzde\\\/#breadcrumb\"},\"inLanguage\":\"en-GB\",\"potentialAction\":[{\"@type\":\"ReadAction\",\"target\":[\"https:\\\/\\\/www.abpartners.cz\\\/novela-zakoniku-prace-od-1-8-2024-zmeny-v-minimalni-mzde\\\/\"]}]},{\"@type\":\"ImageObject\",\"inLanguage\":\"en-GB\",\"@id\":\"https:\\\/\\\/www.abpartners.cz\\\/novela-zakoniku-prace-od-1-8-2024-zmeny-v-minimalni-mzde\\\/#primaryimage\",\"url\":\"https:\\\/\\\/www.abpartners.cz\\\/wp-content\\\/uploads\\\/2024\\\/08\\\/Novinky-v-pravu.png\",\"contentUrl\":\"https:\\\/\\\/www.abpartners.cz\\\/wp-content\\\/uploads\\\/2024\\\/08\\\/Novinky-v-pravu.png\",\"width\":1080,\"height\":1080},{\"@type\":\"BreadcrumbList\",\"@id\":\"https:\\\/\\\/www.abpartners.cz\\\/novela-zakoniku-prace-od-1-8-2024-zmeny-v-minimalni-mzde\\\/#breadcrumb\",\"itemListElement\":[{\"@type\":\"ListItem\",\"position\":1,\"name\":\"Dom\u016f\",\"item\":\"https:\\\/\\\/www.abpartners.cz\\\/\"},{\"@type\":\"ListItem\",\"position\":2,\"name\":\"Zm\u011bny v minim\u00e1ln\u00ed a zaru\u010den\u00e9 mzd\u011b\"}]},{\"@type\":\"WebSite\",\"@id\":\"https:\\\/\\\/www.abpartners.cz\\\/#website\",\"url\":\"https:\\\/\\\/www.abpartners.cz\\\/\",\"name\":\"AB PARTNERS advok\u00e1ti\",\"description\":\"AB PARTNERS advok\u00e1ti\",\"publisher\":{\"@id\":\"https:\\\/\\\/www.abpartners.cz\\\/#organization\"},\"potentialAction\":[{\"@type\":\"SearchAction\",\"target\":{\"@type\":\"EntryPoint\",\"urlTemplate\":\"https:\\\/\\\/www.abpartners.cz\\\/?s={search_term_string}\"},\"query-input\":{\"@type\":\"PropertyValueSpecification\",\"valueRequired\":true,\"valueName\":\"search_term_string\"}}],\"inLanguage\":\"en-GB\"},{\"@type\":\"Organization\",\"@id\":\"https:\\\/\\\/www.abpartners.cz\\\/#organization\",\"name\":\"AB PARTNERS advok\u00e1ti\",\"url\":\"https:\\\/\\\/www.abpartners.cz\\\/\",\"logo\":{\"@type\":\"ImageObject\",\"inLanguage\":\"en-GB\",\"@id\":\"https:\\\/\\\/www.abpartners.cz\\\/#\\\/schema\\\/logo\\\/image\\\/\",\"url\":\"https:\\\/\\\/www.abpartners.cz\\\/wp-content\\\/uploads\\\/2021\\\/01\\\/abpartners_regular_rgb_dark.png\",\"contentUrl\":\"https:\\\/\\\/www.abpartners.cz\\\/wp-content\\\/uploads\\\/2021\\\/01\\\/abpartners_regular_rgb_dark.png\",\"width\":1240,\"height\":236,\"caption\":\"AB PARTNERS advok\u00e1ti\"},\"image\":{\"@id\":\"https:\\\/\\\/www.abpartners.cz\\\/#\\\/schema\\\/logo\\\/image\\\/\"},\"sameAs\":[\"https:\\\/\\\/www.facebook.com\\\/abpartners.cz\\\/\",\"https:\\\/\\\/x.com\\\/ABPartners_cz\",\"https:\\\/\\\/www.linkedin.com\\\/company\\\/abpartners\\\/\",\"https:\\\/\\\/www.instagram.com\\\/abpartners.cz\\\/\"]},{\"@type\":\"Person\",\"@id\":\"https:\\\/\\\/www.abpartners.cz\\\/#\\\/schema\\\/person\\\/cec65b5b9ccd7df29c9f4949b8310ba8\",\"name\":\"AB PARTNERS advok\u00e1ti\",\"image\":{\"@type\":\"ImageObject\",\"inLanguage\":\"en-GB\",\"@id\":\"https:\\\/\\\/secure.gravatar.com\\\/avatar\\\/775df589ee6a682f6cb9c6456799917e3c26a7987090e2a51c06212f2ece585f?s=96&d=mm&r=g\",\"url\":\"https:\\\/\\\/secure.gravatar.com\\\/avatar\\\/775df589ee6a682f6cb9c6456799917e3c26a7987090e2a51c06212f2ece585f?s=96&d=mm&r=g\",\"contentUrl\":\"https:\\\/\\\/secure.gravatar.com\\\/avatar\\\/775df589ee6a682f6cb9c6456799917e3c26a7987090e2a51c06212f2ece585f?s=96&d=mm&r=g\",\"caption\":\"AB PARTNERS advok\u00e1ti\"},\"url\":\"https:\\\/\\\/www.abpartners.cz\\\/en\\\/author\\\/abpartners\\\/\"}]}<\/script>\n<!-- \/ Yoast SEO plugin. -->","yoast_head_json":{"title":"Zm\u011bny v minim\u00e1ln\u00ed a zaru\u010den\u00e9 mzd\u011b - AB PARTNERS advok\u00e1ti","robots":{"index":"index","follow":"follow","max-snippet":"max-snippet:-1","max-image-preview":"max-image-preview:large","max-video-preview":"max-video-preview:-1"},"canonical":"https:\/\/www.abpartners.cz\/en\/novela-zakoniku-prace-od-1-8-2024-zmeny-v-minimalni-mzde\/","og_locale":"en_GB","og_type":"article","og_title":"Zm\u011bny v minim\u00e1ln\u00ed a zaru\u010den\u00e9 mzd\u011b - AB PARTNERS advok\u00e1ti","og_url":"https:\/\/www.abpartners.cz\/en\/novela-zakoniku-prace-od-1-8-2024-zmeny-v-minimalni-mzde\/","og_site_name":"AB PARTNERS advok\u00e1ti","article_publisher":"https:\/\/www.facebook.com\/abpartners.cz\/","article_published_time":"2024-08-21T16:18:32+00:00","article_modified_time":"2025-02-02T17:15:32+00:00","og_image":[{"width":1080,"height":1080,"url":"https:\/\/www.abpartners.cz\/wp-content\/uploads\/2024\/08\/Novinky-v-pravu.png","type":"image\/png"}],"author":"AB PARTNERS advok\u00e1ti","twitter_card":"summary_large_image","twitter_creator":"@ABPartners_cz","twitter_site":"@ABPartners_cz","twitter_misc":{"Written by":"AB PARTNERS advok\u00e1ti","Estimated reading time":"3 minutes"},"schema":{"@context":"https:\/\/schema.org","@graph":[{"@type":"Article","@id":"https:\/\/www.abpartners.cz\/novela-zakoniku-prace-od-1-8-2024-zmeny-v-minimalni-mzde\/#article","isPartOf":{"@id":"https:\/\/www.abpartners.cz\/novela-zakoniku-prace-od-1-8-2024-zmeny-v-minimalni-mzde\/"},"author":{"name":"AB PARTNERS advok\u00e1ti","@id":"https:\/\/www.abpartners.cz\/#\/schema\/person\/cec65b5b9ccd7df29c9f4949b8310ba8"},"headline":"Zm\u011bny v minim\u00e1ln\u00ed a zaru\u010den\u00e9 mzd\u011b","datePublished":"2024-08-21T16:18:32+00:00","dateModified":"2025-02-02T17:15:32+00:00","mainEntityOfPage":{"@id":"https:\/\/www.abpartners.cz\/novela-zakoniku-prace-od-1-8-2024-zmeny-v-minimalni-mzde\/"},"wordCount":1346,"publisher":{"@id":"https:\/\/www.abpartners.cz\/#organization"},"image":{"@id":"https:\/\/www.abpartners.cz\/novela-zakoniku-prace-od-1-8-2024-zmeny-v-minimalni-mzde\/#primaryimage"},"thumbnailUrl":"https:\/\/www.abpartners.cz\/wp-content\/uploads\/2024\/08\/Novinky-v-pravu.png","articleSection":["Aktuality","Neza\u0159azen\u00e9","Pracovn\u00ed pr\u00e1vo"],"inLanguage":"en-GB"},{"@type":"WebPage","@id":"https:\/\/www.abpartners.cz\/novela-zakoniku-prace-od-1-8-2024-zmeny-v-minimalni-mzde\/","url":"https:\/\/www.abpartners.cz\/novela-zakoniku-prace-od-1-8-2024-zmeny-v-minimalni-mzde\/","name":"Zm\u011bny v minim\u00e1ln\u00ed a zaru\u010den\u00e9 mzd\u011b - AB PARTNERS advok\u00e1ti","isPartOf":{"@id":"https:\/\/www.abpartners.cz\/#website"},"primaryImageOfPage":{"@id":"https:\/\/www.abpartners.cz\/novela-zakoniku-prace-od-1-8-2024-zmeny-v-minimalni-mzde\/#primaryimage"},"image":{"@id":"https:\/\/www.abpartners.cz\/novela-zakoniku-prace-od-1-8-2024-zmeny-v-minimalni-mzde\/#primaryimage"},"thumbnailUrl":"https:\/\/www.abpartners.cz\/wp-content\/uploads\/2024\/08\/Novinky-v-pravu.png","datePublished":"2024-08-21T16:18:32+00:00","dateModified":"2025-02-02T17:15:32+00:00","breadcrumb":{"@id":"https:\/\/www.abpartners.cz\/novela-zakoniku-prace-od-1-8-2024-zmeny-v-minimalni-mzde\/#breadcrumb"},"inLanguage":"en-GB","potentialAction":[{"@type":"ReadAction","target":["https:\/\/www.abpartners.cz\/novela-zakoniku-prace-od-1-8-2024-zmeny-v-minimalni-mzde\/"]}]},{"@type":"ImageObject","inLanguage":"en-GB","@id":"https:\/\/www.abpartners.cz\/novela-zakoniku-prace-od-1-8-2024-zmeny-v-minimalni-mzde\/#primaryimage","url":"https:\/\/www.abpartners.cz\/wp-content\/uploads\/2024\/08\/Novinky-v-pravu.png","contentUrl":"https:\/\/www.abpartners.cz\/wp-content\/uploads\/2024\/08\/Novinky-v-pravu.png","width":1080,"height":1080},{"@type":"BreadcrumbList","@id":"https:\/\/www.abpartners.cz\/novela-zakoniku-prace-od-1-8-2024-zmeny-v-minimalni-mzde\/#breadcrumb","itemListElement":[{"@type":"ListItem","position":1,"name":"Dom\u016f","item":"https:\/\/www.abpartners.cz\/"},{"@type":"ListItem","position":2,"name":"Zm\u011bny v minim\u00e1ln\u00ed a zaru\u010den\u00e9 mzd\u011b"}]},{"@type":"WebSite","@id":"https:\/\/www.abpartners.cz\/#website","url":"https:\/\/www.abpartners.cz\/","name":"AB PARTNERS attorneys at law","description":"AB PARTNERS attorneys at law","publisher":{"@id":"https:\/\/www.abpartners.cz\/#organization"},"potentialAction":[{"@type":"SearchAction","target":{"@type":"EntryPoint","urlTemplate":"https:\/\/www.abpartners.cz\/?s={search_term_string}"},"query-input":{"@type":"PropertyValueSpecification","valueRequired":true,"valueName":"search_term_string"}}],"inLanguage":"en-GB"},{"@type":"Organization","@id":"https:\/\/www.abpartners.cz\/#organization","name":"AB PARTNERS attorneys at law","url":"https:\/\/www.abpartners.cz\/","logo":{"@type":"ImageObject","inLanguage":"en-GB","@id":"https:\/\/www.abpartners.cz\/#\/schema\/logo\/image\/","url":"https:\/\/www.abpartners.cz\/wp-content\/uploads\/2021\/01\/abpartners_regular_rgb_dark.png","contentUrl":"https:\/\/www.abpartners.cz\/wp-content\/uploads\/2021\/01\/abpartners_regular_rgb_dark.png","width":1240,"height":236,"caption":"AB PARTNERS advok\u00e1ti"},"image":{"@id":"https:\/\/www.abpartners.cz\/#\/schema\/logo\/image\/"},"sameAs":["https:\/\/www.facebook.com\/abpartners.cz\/","https:\/\/x.com\/ABPartners_cz","https:\/\/www.linkedin.com\/company\/abpartners\/","https:\/\/www.instagram.com\/abpartners.cz\/"]},{"@type":"Person","@id":"https:\/\/www.abpartners.cz\/#\/schema\/person\/cec65b5b9ccd7df29c9f4949b8310ba8","name":"AB PARTNERS attorneys at law","image":{"@type":"ImageObject","inLanguage":"en-GB","@id":"https:\/\/secure.gravatar.com\/avatar\/775df589ee6a682f6cb9c6456799917e3c26a7987090e2a51c06212f2ece585f?s=96&d=mm&r=g","url":"https:\/\/secure.gravatar.com\/avatar\/775df589ee6a682f6cb9c6456799917e3c26a7987090e2a51c06212f2ece585f?s=96&d=mm&r=g","contentUrl":"https:\/\/secure.gravatar.com\/avatar\/775df589ee6a682f6cb9c6456799917e3c26a7987090e2a51c06212f2ece585f?s=96&d=mm&r=g","caption":"AB PARTNERS advok\u00e1ti"},"url":"https:\/\/www.abpartners.cz\/en\/author\/abpartners\/"}]}},"_links":{"self":[{"href":"https:\/\/www.abpartners.cz\/en\/wp-json\/wp\/v2\/posts\/4305","targetHints":{"allow":["GET"]}}],"collection":[{"href":"https:\/\/www.abpartners.cz\/en\/wp-json\/wp\/v2\/posts"}],"about":[{"href":"https:\/\/www.abpartners.cz\/en\/wp-json\/wp\/v2\/types\/post"}],"author":[{"embeddable":true,"href":"https:\/\/www.abpartners.cz\/en\/wp-json\/wp\/v2\/users\/17"}],"replies":[{"embeddable":true,"href":"https:\/\/www.abpartners.cz\/en\/wp-json\/wp\/v2\/comments?post=4305"}],"version-history":[{"count":0,"href":"https:\/\/www.abpartners.cz\/en\/wp-json\/wp\/v2\/posts\/4305\/revisions"}],"wp:featuredmedia":[{"embeddable":true,"href":"https:\/\/www.abpartners.cz\/en\/wp-json\/wp\/v2\/media\/4348"}],"wp:attachment":[{"href":"https:\/\/www.abpartners.cz\/en\/wp-json\/wp\/v2\/media?parent=4305"}],"wp:term":[{"taxonomy":"category","embeddable":true,"href":"https:\/\/www.abpartners.cz\/en\/wp-json\/wp\/v2\/categories?post=4305"},{"taxonomy":"post_tag","embeddable":true,"href":"https:\/\/www.abpartners.cz\/en\/wp-json\/wp\/v2\/tags?post=4305"}],"curies":[{"name":"wp","href":"https:\/\/api.w.org\/{rel}","templated":true}]}}