{"id":4144,"date":"2024-04-03T22:22:18","date_gmt":"2024-04-03T20:22:18","guid":{"rendered":"https:\/\/www.abpartners.cz\/?p=4144"},"modified":"2025-02-02T18:16:22","modified_gmt":"2025-02-02T17:16:22","slug":"vyslech-ditete-u-soudu-vyslech-nezletileho-v-ramci-opatrovnickeho-rizeni","status":"publish","type":"post","link":"https:\/\/www.abpartners.cz\/de\/vyslech-ditete-u-soudu-vyslech-nezletileho-v-ramci-opatrovnickeho-rizeni\/","title":{"rendered":"Befragung eines Kindes vor Gericht \/ Befragung eines Minderj\u00e4hrigen in einem Sorgerechtsverfahren"},"content":{"rendered":"<div class=\"fusion-fullwidth fullwidth-box fusion-builder-row-1 fusion-flex-container nonhundred-percent-fullwidth non-hundred-percent-height-scrolling\" style=\"--awb-border-radius-top-left:0px;--awb-border-radius-top-right:0px;--awb-border-radius-bottom-right:0px;--awb-border-radius-bottom-left:0px;--awb-flex-wrap:wrap;\" ><div class=\"fusion-builder-row fusion-row fusion-flex-align-items-flex-start fusion-flex-content-wrap\" style=\"max-width:1248px;margin-left: calc(-4% \/ 2 );margin-right: calc(-4% \/ 2 );\"><div class=\"fusion-layout-column fusion_builder_column fusion-builder-column-0 fusion_builder_column_1_1 1_1 fusion-flex-column\" style=\"--awb-bg-blend:overlay;--awb-bg-size:cover;--awb-width-large:100%;--awb-margin-top-large:0px;--awb-spacing-right-large:1.92%;--awb-margin-bottom-large:0px;--awb-spacing-left-large:1.92%;--awb-width-medium:100%;--awb-spacing-right-medium:1.92%;--awb-spacing-left-medium:1.92%;--awb-width-small:100%;--awb-spacing-right-small:1.92%;--awb-spacing-left-small:1.92%;\"><div class=\"fusion-column-wrapper fusion-flex-justify-content-flex-start fusion-content-layout-column\"><div class=\"fusion-text fusion-text-1\" style=\"--awb-font-size:18px;--awb-line-height:1.5;--awb-text-color:#14253f;\"><h1 style=\"text-align: left;\">Befragung eines Kindes vor Gericht<\/h1>\n<\/div><div class=\"fusion-separator\" style=\"align-self: flex-start;margin-right:auto;margin-top:0px;margin-bottom:20px;width:100%;max-width:60px;\"><div class=\"fusion-separator-border sep-single sep-solid\" style=\"--awb-height:20px;--awb-amount:20px;--awb-sep-color:#b61e3f;border-color:#b61e3f;border-top-width:5px;\"><\/div><\/div><div class=\"fusion-text fusion-text-2\" style=\"--awb-content-alignment:justify;\"><div class=\"\" dir=\"auto\">\n<div id=\":ra:\" class=\"x1iorvi4 x1pi30zi x1l90r2v x1swvt13\" data-ad-comet-preview=\"message\" data-ad-preview=\"message\">\n<div class=\"x78zum5 xdt5ytf xz62fqu x16ldp7u\">\n<div class=\"xu06os2 x1ok221b\">\n<p>In gerichtlichen Verfahren zur Betreuung von Minderj\u00e4hrigen, zu denen unter anderem Verfahren zur Betreuung, zum Unterhalt und zum Umgang mit dem Kind geh\u00f6ren, ist das Kind selbst neben der Mutter und dem Vater eine Partei. Dies bringt auch eine Reihe von Verfahrensrechten mit sich, die dem Kind zustehen. Generell d\u00fcrfen die Gerichte das Kind unabh\u00e4ngig von seinem Alter oder Gesundheitszustand nicht als blo\u00dfen Verfahrensgegenstand behandeln. Unabh\u00e4ngig vom Alter des Kindes und der M\u00f6glichkeit, dass sich die Eltern \u00fcber seine Betreuung einigen, bestellt das Gericht immer einen Vertreter f\u00fcr das Kind, einen Konfliktvormund, bei dem es sich in der Regel um die Beh\u00f6rde f\u00fcr den sozialen Schutz des Kindes (kurz OSPOD) handelt. Es kann jedoch nicht das OSPOD sein, das den Antrag bei Gericht eingereicht hat (dies gilt f\u00fcr F\u00e4lle, in denen keiner der Elternteile des Kindes einen Antrag gestellt hat). Das Gericht muss die Parteien immer durch einen Beschluss \u00fcber die Bestellung eines Konfliktvormunds informieren. Der Vormund nimmt die Interessen des minderj\u00e4hrigen Kindes im Verfahren wahr und erteilt ihm die notwendigen Informationen, soweit es das Alter und die geistige Reife des Kindes zulassen. Dazu geh\u00f6ren insbesondere Informationen dar\u00fcber, was vor Gericht entschieden wird, welchen Zweck das Verfahren hat und wie es ausgehen kann.<\/p>\n<p>Eine Grundvoraussetzung f\u00fcr die Teilnahme eines Minderj\u00e4hrigen am Verfahren ist die F\u00e4higkeit des Minderj\u00e4hrigen, seine Meinung in der Sache zu \u00e4u\u00dfern. Es ist ein wesentliches Recht des Kindes in Jugendgerichtsverfahren, geh\u00f6rt zu werden. Dieses Recht ist in Artikel 12 des \u00dcbereinkommens \u00fcber die Rechte des Kindes verankert, dem bereits 196 Staaten beigetreten sind, darunter auch die Tschechische Republik. Es handelt sich um ein Grundrecht des Kindes, das nicht willk\u00fcrlich eingeschr\u00e4nkt werden darf. Die Anwendung dieses Rechts h\u00e4ngt jedoch von der geistigen Reife des Kindes ab, da von einem Kleinkind beispielsweise nicht verlangt werden kann, seine Gedanken und Meinungen zu formulieren. Das Alter des Kindes und seine geistige Reife h\u00e4ngen auch damit zusammen, inwieweit das Gericht, der Konfliktvormund und die Eltern \u00fcber das Verfahren informiert werden.<\/p>\n<p>Das Gesetz sieht im Allgemeinen die Vermutung vor, dass ein Kind \u00fcber 12 Jahre in der Lage ist, Informationen zu erhalten, sich eine eigene Meinung zu bilden und diese zu \u00e4u\u00dfern. Dabei handelt es sich jedoch nicht um eine strenge Grenze, da das Verfassungsgericht selbst entschieden hat, dass auch ein siebenj\u00e4hriges Kind in der Lage ist, seine Meinung zu \u00e4u\u00dfern. Das kann zum Beispiel eine Meinung dar\u00fcber sein, ob es die Schule mag oder welche Freunde es dort hat. Es ist Sache des Gerichts, zu beurteilen, ob ein Kind in der Lage ist, seine Meinung im Einzelfall zu \u00e4u\u00dfern. Dabei kommt es auch auf das Wesen des Kindes an, denn manche Kinder sind von Natur aus kommunikativ, andere eher wortkarg. Die Aussage vor Gericht ist jedoch ein Recht des Kindes und keine Pflicht.<\/p>\n<p>Die Untersuchung des Kindes kann von einer der Parteien, d. h. in der Regel von einem Elternteil, vorgeschlagen werden, sie kann aber auch vom Gericht angeordnet werden, da es sich beim Verfahren \u00fcber die Betreuung Minderj\u00e4hriger um ein unanfechtbares Verfahren handelt, in dem das Gericht andere als die von den Parteien vorgeschlagenen Beweise erheben kann.<\/p>\n<\/div>\n<\/div>\n<\/div>\n<\/div>\n<\/div><\/div><\/div><div class=\"fusion-layout-column fusion_builder_column fusion-builder-column-1 fusion_builder_column_2_5 2_5 fusion-flex-column\" style=\"--awb-bg-size:cover;--awb-width-large:40%;--awb-margin-top-large:0px;--awb-spacing-right-large:4.8%;--awb-margin-bottom-large:20px;--awb-spacing-left-large:4.8%;--awb-width-medium:40%;--awb-order-medium:0;--awb-spacing-right-medium:4.8%;--awb-spacing-left-medium:4.8%;--awb-width-small:100%;--awb-order-small:0;--awb-spacing-right-small:1.92%;--awb-spacing-left-small:1.92%;\"><div class=\"fusion-column-wrapper fusion-column-has-shadow fusion-flex-justify-content-flex-start fusion-content-layout-column\"><div class=\"fusion-text fusion-text-3\" style=\"--awb-content-alignment:justify;\"><div class=\"\" dir=\"auto\">\n<div id=\":ra:\" class=\"x1iorvi4 x1pi30zi x1l90r2v x1swvt13\" data-ad-comet-preview=\"message\" data-ad-preview=\"message\">\n<div class=\"x78zum5 xdt5ytf xz62fqu x16ldp7u\">\n<div class=\"xu06os2 x1ok221b\">\n<p>Die Befragung eines Kindes kann auf verschiedene Weise erfolgen. Eine M\u00f6glichkeit, die Meinung des Kindes in Erfahrung zu bringen, ist die Befragung des Kindes durch den OSPOD. Obwohl die Gerichte es im Allgemeinen vorziehen sollten, das Kind direkt vor Gericht anzuh\u00f6ren, ordnen die Gerichte in der Praxis h\u00e4ufig an, dass das Kind vom OSPOD befragt wird. Die Anh\u00f6rung eines Kindes vor Gericht wird als Anh\u00f6rung eines Minderj\u00e4hrigen bezeichnet, unterscheidet sich aber deutlich von der Anh\u00f6rung anderer Parteien. Es ist \u00fcblich, dass nur der Richter und der Konfliktvormund bei der Anh\u00f6rung anwesend sind, w\u00e4hrend die Eltern und ihre Rechtsvertreter au\u00dferhalb des Gerichtssaals warten. Damit soll in erster Linie sichergestellt werden, dass das Kind nicht beeinflusst wird und dass die Anh\u00f6rung f\u00fcr das Kind nicht psychisch belastend ist. Es kommt auch vor, dass der Richter f\u00fcr die Befragung des Kindes seinen Kittel ablegt, um dem Kind einen freundlicheren Eindruck zu vermitteln, oder das Kind in sein B\u00fcro mitnimmt, um eine m\u00f6glichst freundliche Umgebung zu schaffen. Die gesamte Befragung ist nicht konfrontativ, sondern eher informell, wobei der Richter versucht, herauszufinden, was das Kind wirklich will. Die Meinung des Kindes kann auch durch einen Sachverst\u00e4ndigen, in der Regel aus dem Bereich der Psychologie, eingeholt werden, wenn ein solcher im Verfahren bestellt wurde.<\/p>\n<\/div>\n<\/div>\n<\/div>\n<\/div>\n<\/div><\/div><\/div><div class=\"fusion-layout-column fusion_builder_column fusion-builder-column-2 fusion_builder_column_3_5 3_5 fusion-flex-column\" style=\"--awb-bg-size:cover;--awb-width-large:60%;--awb-margin-top-large:0px;--awb-spacing-right-large:3.2%;--awb-margin-bottom-large:20px;--awb-spacing-left-large:3.2%;--awb-width-medium:60%;--awb-order-medium:0;--awb-spacing-right-medium:3.2%;--awb-spacing-left-medium:3.2%;--awb-width-small:100%;--awb-order-small:0;--awb-spacing-right-small:1.92%;--awb-spacing-left-small:1.92%;\"><div class=\"fusion-column-wrapper fusion-column-has-shadow fusion-flex-justify-content-flex-start fusion-content-layout-column\"><div class=\"fusion-image-element\" style=\"--awb-caption-title-font-family:var(--h2_typography-font-family);--awb-caption-title-font-weight:var(--h2_typography-font-weight);--awb-caption-title-font-style:var(--h2_typography-font-style);--awb-caption-title-size:var(--h2_typography-font-size);--awb-caption-title-transform:var(--h2_typography-text-transform);--awb-caption-title-line-height:var(--h2_typography-line-height);--awb-caption-title-letter-spacing:var(--h2_typography-letter-spacing);\"><span class=\"fusion-imageframe imageframe-none imageframe-1 hover-type-none\"><img decoding=\"async\" width=\"1080\" height=\"1080\" title=\"Kopie des Vorschlags !!!ABP-Vorlage f\u00fcr maschinengeschriebene Beitr\u00e4ge_20240903_231810_0000\" src=\"https:\/\/www.abpartners.cz\/wp-content\/uploads\/2024\/04\/Kopie-navrhu-ABP-sablona-typizovanych-prispevku_20240903_231810_0000.png\" data-orig-src=\"https:\/\/www.abpartners.cz\/wp-content\/uploads\/2024\/04\/Kopie-navrhu-ABP-sablona-typizovanych-prispevku_20240903_231810_0000.png\" alt class=\"lazyload img-responsive wp-image-4386\" srcset=\"data:image\/svg+xml,%3Csvg%20xmlns%3D%27http%3A%2F%2Fwww.w3.org%2F2000%2Fsvg%27%20width%3D%271080%27%20height%3D%271080%27%20viewBox%3D%270%200%201080%201080%27%3E%3Crect%20width%3D%271080%27%20height%3D%271080%27%20fill-opacity%3D%220%22%2F%3E%3C%2Fsvg%3E\" data-srcset=\"https:\/\/www.abpartners.cz\/wp-content\/uploads\/2024\/04\/Kopie-navrhu-ABP-sablona-typizovanych-prispevku_20240903_231810_0000-200x200.png 200w, https:\/\/www.abpartners.cz\/wp-content\/uploads\/2024\/04\/Kopie-navrhu-ABP-sablona-typizovanych-prispevku_20240903_231810_0000-400x400.png 400w, https:\/\/www.abpartners.cz\/wp-content\/uploads\/2024\/04\/Kopie-navrhu-ABP-sablona-typizovanych-prispevku_20240903_231810_0000-600x600.png 600w, https:\/\/www.abpartners.cz\/wp-content\/uploads\/2024\/04\/Kopie-navrhu-ABP-sablona-typizovanych-prispevku_20240903_231810_0000-800x800.png 800w, https:\/\/www.abpartners.cz\/wp-content\/uploads\/2024\/04\/Kopie-navrhu-ABP-sablona-typizovanych-prispevku_20240903_231810_0000.png 1080w\" data-sizes=\"auto\" data-orig-sizes=\"(max-width: 640px) 100vw, 800px\" \/><\/span><\/div><\/div><\/div><div class=\"fusion-layout-column fusion_builder_column fusion-builder-column-3 fusion_builder_column_1_1 1_1 fusion-flex-column\" style=\"--awb-bg-size:cover;--awb-width-large:100%;--awb-margin-top-large:0px;--awb-spacing-right-large:1.92%;--awb-margin-bottom-large:20px;--awb-spacing-left-large:1.92%;--awb-width-medium:100%;--awb-order-medium:0;--awb-spacing-right-medium:1.92%;--awb-spacing-left-medium:1.92%;--awb-width-small:100%;--awb-order-small:0;--awb-spacing-right-small:1.92%;--awb-spacing-left-small:1.92%;\"><div class=\"fusion-column-wrapper fusion-column-has-shadow fusion-flex-justify-content-flex-start fusion-content-layout-column\"><div class=\"fusion-text fusion-text-4\" style=\"--awb-content-alignment:justify;\"><div class=\"\" dir=\"auto\">\n<div id=\":ra:\" class=\"x1iorvi4 x1pi30zi x1l90r2v x1swvt13\" data-ad-comet-preview=\"message\" data-ad-preview=\"message\">\n<div class=\"x78zum5 xdt5ytf xz62fqu x16ldp7u\">\n<div class=\"xu06os2 x1ok221b\">\n<p>Die Meinung des Kindes ist eine wichtige \u00dcberlegung, aber nicht die einzige. Es ist nicht m\u00f6glich, die Meinung des Kindes unhinterfragt in eine Entscheidung \u00fcber sein Leben einflie\u00dfen zu lassen, ohne R\u00fccksicht auf andere Fakten. Vielmehr ist die feststehende Position des Kindes in dieser Angelegenheit eine Richtschnur f\u00fcr eine Entscheidung, die dem Wohl des Kindes dient. Es ist gesetzlich vorgeschrieben, dass das Gericht die Ansichten des Kindes in Anbetracht seines Alters und seiner geistigen Reife zu ber\u00fccksichtigen hat. Das Gericht muss im Lichte der anderen vorgelegten Beweise abw\u00e4gen, ob es dem Wohl des Kindes entspricht oder nicht, dem Wunsch des Kindes zu entsprechen, und alle seine Erw\u00e4gungen in den Gr\u00fcnden f\u00fcr die endg\u00fcltige Entscheidung wiedergeben.<\/p>\n<\/div>\n<\/div>\n<\/div>\n<\/div>\n<\/div><\/div><\/div><div class=\"fusion-layout-column fusion_builder_column fusion-builder-column-4 fusion_builder_column_1_1 1_1 fusion-flex-column\" style=\"--awb-bg-blend:overlay;--awb-bg-size:cover;--awb-width-large:100%;--awb-margin-top-large:0px;--awb-spacing-right-large:1.92%;--awb-margin-bottom-large:0px;--awb-spacing-left-large:1.92%;--awb-width-medium:100%;--awb-spacing-right-medium:1.92%;--awb-spacing-left-medium:1.92%;--awb-width-small:100%;--awb-spacing-right-small:1.92%;--awb-spacing-left-small:1.92%;\"><div class=\"fusion-column-wrapper fusion-flex-justify-content-flex-start fusion-content-layout-column\"><div class=\"fusion-text fusion-text-5\" style=\"--awb-font-size:18px;--awb-line-height:1.5;--awb-text-color:#14253f;\"><h1 style=\"text-align: left;\">Vernehmung eines Minderj\u00e4hrigen in einem Sorgerechtsverfahren<br \/>\n(professionelle Version)<\/h1>\n<\/div><div class=\"fusion-separator\" style=\"align-self: flex-start;margin-right:auto;margin-top:0px;margin-bottom:20px;width:100%;max-width:60px;\"><div class=\"fusion-separator-border sep-single sep-solid\" style=\"--awb-height:20px;--awb-amount:20px;--awb-sep-color:#b61e3f;border-color:#b61e3f;border-top-width:5px;\"><\/div><\/div><div class=\"fusion-text fusion-text-6\" style=\"--awb-content-alignment:justify;\"><p>Die Anh\u00f6rung eines Minderj\u00e4hrigen ist eine der grundlegenden Handlungen, um das Recht des Minderj\u00e4hrigen zu erf\u00fcllen, seine Meinung zu ihn betreffenden Angelegenheiten zu \u00e4u\u00dfern. Artikel 12 Absatz 2 des \u00dcbereinkommens \u00fcber die Rechte des Kindes sieht ausdr\u00fccklich vor, dass in allen Gerichts- oder Verwaltungsverfahren, die einen Minderj\u00e4hrigen betreffen, dem Minderj\u00e4hrigen die M\u00f6glichkeit gegeben werden sollte, seine Meinung zu der Angelegenheit zu \u00e4u\u00dfern.<\/p>\n<p>Das Verfassungsgericht entschied im Jahr 2021, dass <b>die Vernehmung eines Minderj\u00e4hrigen in einem Verfahren, an dem er beteiligt ist, eine Handlung sui generis darstellt<\/b>.1 Nach Ansicht des Verfassungsgerichts handelt es sich dabei nicht um eine Befragung eines Teilnehmers, sondern um eine Form der Meinungsermittlung des Kindes. Eine Handlung, die darauf abzielt, die Meinung des Kindes zu erfragen, ist als Teil der Beteiligungsrechte des Kindes und nicht als Beweismittel anzusehen. Die Befragung des Kindes dient nicht in erster Linie der Feststellung des Sachverhalts, sondern der Einstellung des Kindes zu der fraglichen Angelegenheit. So ist nach Ansicht des Verfassungsgerichts auch ein Protokoll einer solchen Befragung eines Minderj\u00e4hrigen nicht zwingend erforderlich.<\/p>\n<p>Warum ist es so wichtig, die Meinung des Kindes zu erfahren, und warum ist es nicht immer m\u00f6glich, auf der Grundlage anderer Beweise oder der Befragung der Eltern zu entscheiden? Das Kind darf, auch wenn es nicht voll handlungsf\u00e4hig ist, nicht nur als ein Objekt behandelt werden, \u00fcber das andere entscheiden. Das Kind darf auch nicht in die Position eines passiven Beobachters der Ereignisse versetzt werden. Gerade das minderj\u00e4hrige Kind ist ein wichtiges Rechtssubjekt und Teilnehmer an dem es betreffenden Verfahren.2 Internationale Vertr\u00e4ge und innerstaatliches Recht r\u00e4umen ihm daher eine Reihe von Beteiligungsrechten ein.<\/p>\n<p>Trotzdem ist es nicht notwendig, einen Minderj\u00e4hrigen in jedem Verfahren, in dem er Partei ist, unverz\u00fcglich zu befragen, wie es fast jeder Anwalt oder Richter in der Praxis erlebt hat. <b>Zun\u00e4chst einmal darf die Befragung eines Minderj\u00e4hrigen nicht gegen dessen Interessen versto\u00dfen.<\/b> Diese Bedingung ergibt sich bereits aus dem oben erw\u00e4hnten \u00dcbereinkommen \u00fcber die Rechte des Kindes, da dort festgelegt ist, dass das Wohl des Kindes bei allen Kinder betreffenden Ma\u00dfnahmen vorrangig zu ber\u00fccksichtigen ist. Das Gericht muss daher pr\u00fcfen, ob es dem Wohl des Kindes nicht zuwiderl\u00e4uft, die Meinung des Kindes zu erfragen, auch durch Fragen im Zusammenhang mit dem betreffenden Verfahren. Stellt es einen solchen Konflikt fest, ist es legitim, das Mitwirkungsrecht des Minderj\u00e4hrigen in begr\u00fcndeten F\u00e4llen einzuschr\u00e4nken. Dies kann beispielsweise der Fall sein, wenn das Gericht feststellt, dass die Anh\u00f6rung des Minderj\u00e4hrigen vor Gericht negative Auswirkungen auf seine psychologische Entwicklung haben k\u00f6nnte.<\/p>\n<p>Ein weiterer Aspekt, den das Gericht pr\u00fcfen muss, bevor es zur eigentlichen Befragung des Minderj\u00e4hrigen kommt, ist die F\u00e4higkeit des Kindes, die Informationen richtig aufzunehmen und sich eine eigene Meinung zu bilden, die es dann auch mitteilen kann. Logischerweise ist es klar, dass die j\u00fcngsten Vorschulkinder dazu nicht in der Lage sein werden. Es ist jedoch nicht eindeutig festgelegt, ab wann von einem Kind erwartet werden kann, dass es in der Lage ist, seine eigene Meinung zu formulieren. Das Gesetz stellt im Allgemeinen die Vermutung auf, dass ein Kind \u00fcber 12 Jahren in der Lage ist, Informationen aufzunehmen, sich eine eigene Meinung zu bilden und diese mitzuteilen. Diese Vermutung ist jedoch widerlegbar, so dass auch ein j\u00fcngeres Kind dazu in der Lage ist und umgekehrt ein \u00e4lteres Kind m\u00f6glicherweise nicht, z. B. aufgrund einer Behinderung (doch dazu unten mehr).<\/p>\n<p>Das Verfassungsgericht hat sich bereits mit F\u00e4llen befasst, in denen es sogar ein sechsj\u00e4hriges Kind f\u00fcr f\u00e4hig befunden hat, sich zu einer es betreffenden Angelegenheit zu \u00e4u\u00dfern.3 Wenn das Gericht ein Kind befragen m\u00f6chte, muss es sich an die zust\u00e4ndigen Beh\u00f6rden wenden, <b>Es ist nicht unbedingt erforderlich, dass das minderj\u00e4hrige Kind die gesamte Situation, die vor Gericht auf komplexe Weise behandelt wird, versteht; es reicht aus, wenn es sie so weit versteht, dass es seine Meinung dazu sagen kann<\/b>. Kinder mit Behinderungen d\u00fcrfen nicht ausgegrenzt werden. Auch diese schutzbed\u00fcrftigen Kinder haben Anspruch auf angemessene Beteiligungsrechte, und die Befragung eines Minderj\u00e4hrigen darf nicht ohne weiteres mit der Begr\u00fcndung abgebrochen werden, er sei beispielsweise geistig behindert. Das Gericht muss m\u00f6gliche L\u00f6sungen f\u00fcr die Befragung eines solchen Minderj\u00e4hrigen genau pr\u00fcfen und ihn \u00fcber das Verfahren informieren.4<\/p>\n<p>Die Entscheidung, ob eine Befragung durchgef\u00fchrt wird oder nicht, liegt jedoch vollst\u00e4ndig im Ermessen des Gerichts, da es den Umfang der f\u00fcr die Feststellung des Sachverhalts erforderlichen Beweise selbst bestimmt.5<\/p>\n<p>An dieser Stelle ist anzumerken, dass <b>Das Recht des Kindes, seine Meinung zu \u00e4u\u00dfern, ist nur ein Recht und keine Pflicht. <\/b>Das Kind muss nicht nur die M\u00f6glichkeit haben, sich zu der Situation zu \u00e4u\u00dfern, sondern auch, nichts zu sagen und zu schweigen. Das Gericht muss dem Kind auch die M\u00f6glichkeit geben, die Aussage zu verweigern. Dies kann zum Beispiel der Fall sein, wenn das Kind nicht in den Konflikt zwischen den Eltern einbezogen werden m\u00f6chte. Ein Kind kann in keinem Alter zu einer Aussage gezwungen werden, sondern es sollte lediglich die M\u00f6glichkeit erhalten, sich zu der Angelegenheit zu \u00e4u\u00dfern.6<\/p>\n<p>Die Meinung des Kindes kann neben der Befragung vor Gericht auch durch einen Vertreter, ein Sachverst\u00e4ndigengutachten oder die zust\u00e4ndige Beh\u00f6rde f\u00fcr den sozialen und rechtlichen Schutz von Kindern eingeholt werden. Obwohl das Gesetz vorsieht, dass die Meinung des Kindes nur in Ausnahmef\u00e4llen auf diese Weise eingeholt werden kann, ist die Anh\u00f6rung beim OSPOD in der Praxis ein sehr g\u00e4ngiges Mittel f\u00fcr das Gericht, um den Standpunkt des Kindes zu einer vor Gericht verhandelten Frage zu erfahren. Gleichzeitig wird in der st\u00e4ndigen Rechtsprechung auch klargestellt, dass<b> es nur dem Wohl des Kindes dient, wenn die Meinung des Kindes auf anderem Wege als direkt vor Gericht eingeholt wird, wobei ein solches Verfahren stets hinreichend begr\u00fcndet werden muss<\/b>.7<\/p>\n<p>Kommt das Gericht zu dem Schluss, dass die Hinzuziehung eines Sachverst\u00e4ndigen zur Beantwortung einer technischen Frage erforderlich ist, kann es auch die Meinung des Kindes einholen. Ein Sachverst\u00e4ndiger wird in der Regel hinzugezogen, wenn der Verdacht besteht, dass eine der beteiligten Personen an einer psychischen oder physischen St\u00f6rung leidet, oder wenn die Situation unklar ist. Dies sind in den meisten F\u00e4llen Situationen, in denen sich die Eltern nicht einigen k\u00f6nnen.8 In der Regel handelt es sich bei dem Sachverst\u00e4ndigen um einen Psychologen. Ein solcher Psychologe sollte die tats\u00e4chliche Meinung des Kindes ermitteln und nicht die von einem der Elternteile beeinflusste oder \u00fcbernommene Meinung.<\/p>\n<p>Die oben genannten M\u00f6glichkeiten, die Meinung des Kindes in einem bestimmten Verfahren zu erfragen, sollten vor allem bei j\u00fcngeren Kindern genutzt werden, da ein Kind \u00fcber 12 Jahren normalerweise bereits direkt vor Gericht befragt werden sollte. Wenn das Kind mindestens 15 Jahre alt ist, ist das Gericht sogar verpflichtet, das Kind pers\u00f6nlich und nicht durch einen Vertreter zuzustellen, wodurch die Beteiligungsrechte des Kindes erweitert werden. Die pers\u00f6nliche Anh\u00f6rung vor Gericht ist auch deshalb vorzuziehen, weil das Kind von der Person befragt wird, die dann die Entscheidung in der Sache trifft. So kommt es zu weniger Fehlinterpretationen, als wenn das Kind seine Meinung einem Vormund oder Sachverst\u00e4ndigen mitteilt, der sie dann dem Gericht \"\u00fcbersetzt\". So kann das Gericht die Angaben des Sachverst\u00e4ndigen oder Vormunds anders auslegen, als das Kind sie gemeint hat.<\/p>\n<p>Ordnet das Gericht die Vernehmung eines Minderj\u00e4hrigen vor dem Gericht an, so kann diese ohne die Eltern, ihre gesetzlichen Vertreter oder andere Personen durchgef\u00fchrt werden, wenn das Gericht der Auffassung ist, dass deren Anwesenheit die Aussage des Minderj\u00e4hrigen beeinflussen k\u00f6nnte, so dass er m\u00f6glicherweise nicht seine wahre Meinung \u00e4u\u00dfert. Das Gericht ist auch nicht verpflichtet, das Kind im Gerichtssaal zu befragen, sondern kann einen weniger f\u00f6rmlichen Rahmen w\u00e4hlen, z. B. das Richterzimmer. Der Richter kann das Kind auch in einer vertrauten Umgebung wie einer Schule besuchen. Diese Ma\u00dfnahmen tragen unter anderem dazu bei, dass die Anh\u00f6rung f\u00fcr das Kind weniger belastend ist. Der Richter sollte auch die gesamte Anh\u00f6rung mit dem Kind durchf\u00fchren, und zwar nicht als konfrontatives Gespr\u00e4ch, sondern eher als informelle Diskussion \u00fcber das Thema. Es ist sicherlich nicht w\u00fcnschenswert, dass das Kind w\u00e4hrend der Anh\u00f6rung \"hinter dem Zaun\" steht und Angst hat, zu sprechen. Das Kind kann jedoch eine Vertrauensperson, die nicht sein gesetzlicher Vertreter ist, bei der Anh\u00f6rung dabei haben, wenn es dies w\u00fcnscht. Die Anwesenheit einer solchen Vertrauensperson kann vom Gericht nur dann ausgeschlossen werden, wenn sie den Zweck der Anh\u00f6rung beeintr\u00e4chtigen w\u00fcrde. Das Kind muss verstehen, was der Richter von ihm verlangt; der Richter sollte dies sicherstellen.<\/p>\n<p>Pers\u00f6nlich erleben wir am h\u00e4ufigsten die Praxis der Gerichte, dass der Richter die Eltern und ihre gesetzlichen Vertreter auf den Flur des Gerichts schickt, das Kleid abnimmt und das Kind im Gerichtssaal nur in Anwesenheit des Vormunds verh\u00f6rt.<\/p>\n<p>Die Aus\u00fcbung des Rechts des minderj\u00e4hrigen Kindes auf Anh\u00f6rung sollte sich jedoch nicht nur auf die Befragung selbst konzentrieren. Vielmehr sollten die folgenden 5 Schritte unternommen werden. <b>Die Vorbereitung, die Anh\u00f6rung selbst, die Beurteilung des Geistesverm\u00f6gens des Kindes, die Unterrichtung des Kindes \u00fcber die Ber\u00fccksichtigung seiner Ansichten und die Rechtsmittel.<\/b> Die Vorbereitung sollte unter anderem darin bestehen, das Kind \u00fcber sein Recht zu informieren, eine Erkl\u00e4rung abzugeben, wie oben beschrieben, einschlie\u00dflich der Information, dass das Kind keine Erkl\u00e4rung abgeben muss, wenn es dies nicht m\u00f6chte. Es ist auch wichtig, das Kind dar\u00fcber zu informieren, welche Auswirkungen seine Aussage auf den Ausgang des Verfahrens haben wird.<\/p>\n<p>Zum Ablauf der Vernehmung selbst hat das Verfassungsgericht festgestellt, dass nicht nur direkte, kurze Fragen gestellt werden k\u00f6nnen, sondern dass es notwendig ist, die W\u00fcnsche des Kindes durch eine Reihe indirekter Fragen umfassend zu erforschen.11 Dieses Vorgehen ist bei j\u00fcngeren Kindern umso wichtiger.<\/p>\n<p>In Anbetracht der oben genannten Schlussfolgerung des Verfassungsgerichts, dass die Befragung des Minderj\u00e4hrigen nicht protokolliert werden muss, ist eine Verteidigung der anderen Parteien gegen m\u00f6gliche Widerspr\u00fcche zwischen der Entscheidung und der Meinung des Kindes nicht mehr m\u00f6glich. Eltern und andere Parteien werden somit nur auf das verwiesen, was das Gericht ihnen mitteilt, wobei es sich in der Regel um eine blo\u00dfe Zusammenfassung dessen handelt, was der Minderj\u00e4hrige ausgesagt hat.<\/p>\n<p><b>Bei seiner Entscheidung in der Hauptsache ber\u00fccksichtigt das Gericht die Ansichten des Kindes, insbesondere im Hinblick auf sein Alter.<\/b> Generell gilt: Je \u00e4lter das Kind ist, desto mehr Gewicht misst das Gericht seiner Meinung bei, und die Meinung von Minderj\u00e4hrigen, die sich der Vollj\u00e4hrigkeit n\u00e4hern, kann nicht au\u00dfer Acht gelassen werden.12 Diese Schlussfolgerungen bedeuten nat\u00fcrlich nicht, dass die Meinung eines jungen Kindes unber\u00fccksichtigt bleiben w\u00fcrde. Die Meinung des Kindes muss vom Gericht geb\u00fchrend ber\u00fccksichtigt werden. Die Meinung des Kindes kann jedoch nicht ohne weitere \u00dcberlegungen in die Entscheidung einflie\u00dfen, d. h. die Entscheidung kann nicht allein auf den W\u00fcnschen des Kindes beruhen. Vielmehr muss das Gericht alle vorgebrachten Beweise sorgf\u00e4ltig und umfassend auswerten und gegen das Kindeswohl abw\u00e4gen.13<\/p>\n<p>Das Kind sollte auch \u00fcber das Ergebnis des Verfahrens informiert werden und erfahren, wie seine Ansichten ber\u00fccksichtigt wurden. Nur dann kann es legitimen Zugang zu Rechtsmitteln haben.14<\/p>\n<\/div><div class=\"fusion-separator\" style=\"align-self: flex-start;margin-right:auto;margin-top:0px;margin-bottom:20px;width:100%;max-width:60px;\"><div class=\"fusion-separator-border sep-single sep-solid\" style=\"--awb-height:20px;--awb-amount:20px;--awb-sep-color:#b61e3f;border-color:#b61e3f;border-top-width:5px;\"><\/div><\/div><div class=\"fusion-text fusion-text-7\"><p><b>Mgr. Lucie Jindrov\u00e1<\/b>Rechtsreferendarin<\/p>\n<p>&nbsp;<\/p>\n<\/div><div class=\"fusion-separator\" style=\"align-self: flex-start;margin-right:auto;margin-top:0px;margin-bottom:20px;width:100%;max-width:60px;\"><div class=\"fusion-separator-border sep-single sep-solid\" style=\"--awb-height:20px;--awb-amount:20px;--awb-sep-color:#b61e3f;border-color:#b61e3f;border-top-width:5px;\"><\/div><\/div><div class=\"fusion-text fusion-text-8\" style=\"--awb-content-alignment:justify;\"><p>1. der Beschluss des Verfassungsgerichts der Tschechischen Republik vom 18.10.2021, Aktenzeichen II. \u00daS 1845\/21<br \/>\n2. Urteil des Verfassungsgerichts der Tschechischen Republik vom 15. November 2023, Fall Nr. III \u00daS 1068\/22<br \/>\n3. Urteil des Verfassungsgerichts der Tschechischen Republik vom 9. Januar 2018, Fall Nr. IV \u00daS 3749\/17<br \/>\n4. Urteil des Verfassungsgerichts der Tschechischen Republik vom 15. November 2023, Fall Nr. III \u00daS 1068\/22<br \/>\n5. Beschluss des Verfassungsgerichts der Tschechischen Republik vom 20. Juni 2023, Fall Nr. I. \u00daS 1096\/23<br \/>\n6. Urteil des Verfassungsgerichts der Tschechischen Republik vom 28. Februar 2018, Fall Nr. II. \u00daS 2866\/17<br \/>\n7. Urteil des Verfassungsgerichts der Tschechischen Republik vom 7. September 2023, Fall Nr. II \u00daS 1192\/22<br \/>\n8. PAVL\u00c1T, Josef, MATOU\u0160EK, Old\u0159ich. Sorgerechtsgutachten - Empfehlungen, Einw\u00e4nde, Fallstricke. \u010ces a slov Psychiat 2016; 112(2).<br \/>\n9. Urteil des Verfassungsgerichts der Tschechischen Republik vom 28. Februar 2018, Fall Nr. II. \u00daS 2866\/17<br \/>\n10. Urteil des Verfassungsgerichts der Tschechischen Republik vom 8. Oktober 2018, Fall Nr. II. \u00daS 725\/18<br \/>\n11. Urteil des Verfassungsgerichts der Tschechischen Republik vom 18. Dezember 2014, Fall Nr. I. \u00daS 1708\/14<br \/>\n12. Urteil des Verfassungsgerichts der Tschechischen Republik vom 15. August 2022, Fall Nr. II \u00daS 1626\/22<br \/>\n13. Urteil des Verfassungsgerichts der Tschechischen Republik vom 15. August 2022, Fall Nr. II \u00daS 1626\/22<br \/>\n14. Urteil des Verfassungsgerichts der Tschechischen Republik vom 8. Oktober 2018, Fall Nr. II. \u00daS 725\/18<\/p>\n<\/div><\/div><\/div><\/div><\/div>","protected":false},"excerpt":{"rendered":"","protected":false},"author":17,"featured_media":4386,"comment_status":"closed","ping_status":"open","sticky":false,"template":"","format":"standard","meta":{"_acf_changed":false,"rs_blank_template":"","rs_page_bg_color":"","slide_template_v7":"","footnotes":""},"categories":[34,1,69,46],"tags":[],"class_list":["post-4144","post","type-post","status-publish","format-standard","has-post-thumbnail","hentry","category-aktuality","category-nezarazene","category-procesni-pravo","category-rodinne-pravo"],"acf":[],"yoast_head":"<!-- This site is optimized with the Yoast SEO plugin v27.5 - https:\/\/yoast.com\/product\/yoast-seo-wordpress\/ -->\n<title>V\u00fdslech d\u00edt\u011bte u soudu \/ V\u00fdslech nezletil\u00e9ho v r\u00e1mci opatrovnick\u00e9ho \u0159\u00edzen\u00ed - AB PARTNERS advok\u00e1ti<\/title>\n<meta name=\"robots\" content=\"index, follow, max-snippet:-1, max-image-preview:large, max-video-preview:-1\" \/>\n<link rel=\"canonical\" href=\"https:\/\/www.abpartners.cz\/de\/vyslech-ditete-u-soudu-vyslech-nezletileho-v-ramci-opatrovnickeho-rizeni\/\" \/>\n<meta property=\"og:locale\" content=\"de_DE\" \/>\n<meta property=\"og:type\" content=\"article\" \/>\n<meta property=\"og:title\" content=\"V\u00fdslech d\u00edt\u011bte u soudu \/ V\u00fdslech nezletil\u00e9ho v r\u00e1mci opatrovnick\u00e9ho \u0159\u00edzen\u00ed - AB PARTNERS advok\u00e1ti\" \/>\n<meta property=\"og:url\" content=\"https:\/\/www.abpartners.cz\/de\/vyslech-ditete-u-soudu-vyslech-nezletileho-v-ramci-opatrovnickeho-rizeni\/\" \/>\n<meta property=\"og:site_name\" content=\"AB PARTNERS advok\u00e1ti\" \/>\n<meta property=\"article:publisher\" content=\"https:\/\/www.facebook.com\/abpartners.cz\/\" \/>\n<meta property=\"article:published_time\" content=\"2024-04-03T20:22:18+00:00\" \/>\n<meta property=\"article:modified_time\" content=\"2025-02-02T17:16:22+00:00\" \/>\n<meta property=\"og:image\" content=\"https:\/\/www.abpartners.cz\/wp-content\/uploads\/2024\/04\/Kopie-navrhu-ABP-sablona-typizovanych-prispevku_20240903_231810_0000.png\" \/>\n\t<meta property=\"og:image:width\" content=\"1080\" \/>\n\t<meta property=\"og:image:height\" content=\"1080\" \/>\n\t<meta property=\"og:image:type\" content=\"image\/png\" \/>\n<meta name=\"author\" content=\"AB PARTNERS advok\u00e1ti\" \/>\n<meta name=\"twitter:card\" content=\"summary_large_image\" \/>\n<meta name=\"twitter:creator\" content=\"@ABPartners_cz\" \/>\n<meta name=\"twitter:site\" content=\"@ABPartners_cz\" \/>\n<meta name=\"twitter:label1\" content=\"Geschrieben von\" \/>\n\t<meta name=\"twitter:data1\" content=\"AB PARTNERS advok\u00e1ti\" \/>\n\t<meta name=\"twitter:label2\" content=\"Gesch\u00e4tzte Lesezeit\" \/>\n\t<meta name=\"twitter:data2\" content=\"13\u00a0Minuten\" \/>\n<script type=\"application\/ld+json\" class=\"yoast-schema-graph\">{\"@context\":\"https:\\\/\\\/schema.org\",\"@graph\":[{\"@type\":\"Article\",\"@id\":\"https:\\\/\\\/www.abpartners.cz\\\/vyslech-ditete-u-soudu-vyslech-nezletileho-v-ramci-opatrovnickeho-rizeni\\\/#article\",\"isPartOf\":{\"@id\":\"https:\\\/\\\/www.abpartners.cz\\\/vyslech-ditete-u-soudu-vyslech-nezletileho-v-ramci-opatrovnickeho-rizeni\\\/\"},\"author\":{\"name\":\"AB PARTNERS advok\u00e1ti\",\"@id\":\"https:\\\/\\\/www.abpartners.cz\\\/#\\\/schema\\\/person\\\/cec65b5b9ccd7df29c9f4949b8310ba8\"},\"headline\":\"V\u00fdslech d\u00edt\u011bte u soudu \\\/ V\u00fdslech nezletil\u00e9ho v r\u00e1mci opatrovnick\u00e9ho \u0159\u00edzen\u00ed\",\"datePublished\":\"2024-04-03T20:22:18+00:00\",\"dateModified\":\"2025-02-02T17:16:22+00:00\",\"mainEntityOfPage\":{\"@id\":\"https:\\\/\\\/www.abpartners.cz\\\/vyslech-ditete-u-soudu-vyslech-nezletileho-v-ramci-opatrovnickeho-rizeni\\\/\"},\"wordCount\":4738,\"publisher\":{\"@id\":\"https:\\\/\\\/www.abpartners.cz\\\/#organization\"},\"image\":{\"@id\":\"https:\\\/\\\/www.abpartners.cz\\\/vyslech-ditete-u-soudu-vyslech-nezletileho-v-ramci-opatrovnickeho-rizeni\\\/#primaryimage\"},\"thumbnailUrl\":\"https:\\\/\\\/www.abpartners.cz\\\/wp-content\\\/uploads\\\/2024\\\/04\\\/Kopie-navrhu-ABP-sablona-typizovanych-prispevku_20240903_231810_0000.png\",\"articleSection\":[\"Aktuality\",\"Neza\u0159azen\u00e9\",\"Procesn\u00ed pr\u00e1vo\",\"Rodinn\u00e9 pr\u00e1vo\"],\"inLanguage\":\"de\"},{\"@type\":\"WebPage\",\"@id\":\"https:\\\/\\\/www.abpartners.cz\\\/vyslech-ditete-u-soudu-vyslech-nezletileho-v-ramci-opatrovnickeho-rizeni\\\/\",\"url\":\"https:\\\/\\\/www.abpartners.cz\\\/vyslech-ditete-u-soudu-vyslech-nezletileho-v-ramci-opatrovnickeho-rizeni\\\/\",\"name\":\"V\u00fdslech d\u00edt\u011bte u soudu \\\/ V\u00fdslech nezletil\u00e9ho v r\u00e1mci opatrovnick\u00e9ho \u0159\u00edzen\u00ed - AB PARTNERS advok\u00e1ti\",\"isPartOf\":{\"@id\":\"https:\\\/\\\/www.abpartners.cz\\\/#website\"},\"primaryImageOfPage\":{\"@id\":\"https:\\\/\\\/www.abpartners.cz\\\/vyslech-ditete-u-soudu-vyslech-nezletileho-v-ramci-opatrovnickeho-rizeni\\\/#primaryimage\"},\"image\":{\"@id\":\"https:\\\/\\\/www.abpartners.cz\\\/vyslech-ditete-u-soudu-vyslech-nezletileho-v-ramci-opatrovnickeho-rizeni\\\/#primaryimage\"},\"thumbnailUrl\":\"https:\\\/\\\/www.abpartners.cz\\\/wp-content\\\/uploads\\\/2024\\\/04\\\/Kopie-navrhu-ABP-sablona-typizovanych-prispevku_20240903_231810_0000.png\",\"datePublished\":\"2024-04-03T20:22:18+00:00\",\"dateModified\":\"2025-02-02T17:16:22+00:00\",\"breadcrumb\":{\"@id\":\"https:\\\/\\\/www.abpartners.cz\\\/vyslech-ditete-u-soudu-vyslech-nezletileho-v-ramci-opatrovnickeho-rizeni\\\/#breadcrumb\"},\"inLanguage\":\"de\",\"potentialAction\":[{\"@type\":\"ReadAction\",\"target\":[\"https:\\\/\\\/www.abpartners.cz\\\/vyslech-ditete-u-soudu-vyslech-nezletileho-v-ramci-opatrovnickeho-rizeni\\\/\"]}]},{\"@type\":\"ImageObject\",\"inLanguage\":\"de\",\"@id\":\"https:\\\/\\\/www.abpartners.cz\\\/vyslech-ditete-u-soudu-vyslech-nezletileho-v-ramci-opatrovnickeho-rizeni\\\/#primaryimage\",\"url\":\"https:\\\/\\\/www.abpartners.cz\\\/wp-content\\\/uploads\\\/2024\\\/04\\\/Kopie-navrhu-ABP-sablona-typizovanych-prispevku_20240903_231810_0000.png\",\"contentUrl\":\"https:\\\/\\\/www.abpartners.cz\\\/wp-content\\\/uploads\\\/2024\\\/04\\\/Kopie-navrhu-ABP-sablona-typizovanych-prispevku_20240903_231810_0000.png\",\"width\":1080,\"height\":1080},{\"@type\":\"BreadcrumbList\",\"@id\":\"https:\\\/\\\/www.abpartners.cz\\\/vyslech-ditete-u-soudu-vyslech-nezletileho-v-ramci-opatrovnickeho-rizeni\\\/#breadcrumb\",\"itemListElement\":[{\"@type\":\"ListItem\",\"position\":1,\"name\":\"Dom\u016f\",\"item\":\"https:\\\/\\\/www.abpartners.cz\\\/\"},{\"@type\":\"ListItem\",\"position\":2,\"name\":\"V\u00fdslech d\u00edt\u011bte u soudu \\\/ V\u00fdslech nezletil\u00e9ho v r\u00e1mci opatrovnick\u00e9ho \u0159\u00edzen\u00ed\"}]},{\"@type\":\"WebSite\",\"@id\":\"https:\\\/\\\/www.abpartners.cz\\\/#website\",\"url\":\"https:\\\/\\\/www.abpartners.cz\\\/\",\"name\":\"AB PARTNERS advok\u00e1ti\",\"description\":\"AB PARTNERS advok\u00e1ti\",\"publisher\":{\"@id\":\"https:\\\/\\\/www.abpartners.cz\\\/#organization\"},\"potentialAction\":[{\"@type\":\"SearchAction\",\"target\":{\"@type\":\"EntryPoint\",\"urlTemplate\":\"https:\\\/\\\/www.abpartners.cz\\\/?s={search_term_string}\"},\"query-input\":{\"@type\":\"PropertyValueSpecification\",\"valueRequired\":true,\"valueName\":\"search_term_string\"}}],\"inLanguage\":\"de\"},{\"@type\":\"Organization\",\"@id\":\"https:\\\/\\\/www.abpartners.cz\\\/#organization\",\"name\":\"AB PARTNERS advok\u00e1ti\",\"url\":\"https:\\\/\\\/www.abpartners.cz\\\/\",\"logo\":{\"@type\":\"ImageObject\",\"inLanguage\":\"de\",\"@id\":\"https:\\\/\\\/www.abpartners.cz\\\/#\\\/schema\\\/logo\\\/image\\\/\",\"url\":\"https:\\\/\\\/www.abpartners.cz\\\/wp-content\\\/uploads\\\/2021\\\/01\\\/abpartners_regular_rgb_dark.png\",\"contentUrl\":\"https:\\\/\\\/www.abpartners.cz\\\/wp-content\\\/uploads\\\/2021\\\/01\\\/abpartners_regular_rgb_dark.png\",\"width\":1240,\"height\":236,\"caption\":\"AB PARTNERS advok\u00e1ti\"},\"image\":{\"@id\":\"https:\\\/\\\/www.abpartners.cz\\\/#\\\/schema\\\/logo\\\/image\\\/\"},\"sameAs\":[\"https:\\\/\\\/www.facebook.com\\\/abpartners.cz\\\/\",\"https:\\\/\\\/x.com\\\/ABPartners_cz\",\"https:\\\/\\\/www.linkedin.com\\\/company\\\/abpartners\\\/\",\"https:\\\/\\\/www.instagram.com\\\/abpartners.cz\\\/\"]},{\"@type\":\"Person\",\"@id\":\"https:\\\/\\\/www.abpartners.cz\\\/#\\\/schema\\\/person\\\/cec65b5b9ccd7df29c9f4949b8310ba8\",\"name\":\"AB PARTNERS advok\u00e1ti\",\"image\":{\"@type\":\"ImageObject\",\"inLanguage\":\"de\",\"@id\":\"https:\\\/\\\/secure.gravatar.com\\\/avatar\\\/775df589ee6a682f6cb9c6456799917e3c26a7987090e2a51c06212f2ece585f?s=96&d=mm&r=g\",\"url\":\"https:\\\/\\\/secure.gravatar.com\\\/avatar\\\/775df589ee6a682f6cb9c6456799917e3c26a7987090e2a51c06212f2ece585f?s=96&d=mm&r=g\",\"contentUrl\":\"https:\\\/\\\/secure.gravatar.com\\\/avatar\\\/775df589ee6a682f6cb9c6456799917e3c26a7987090e2a51c06212f2ece585f?s=96&d=mm&r=g\",\"caption\":\"AB PARTNERS advok\u00e1ti\"},\"url\":\"https:\\\/\\\/www.abpartners.cz\\\/de\\\/author\\\/abpartners\\\/\"}]}<\/script>\n<!-- \/ Yoast SEO plugin. -->","yoast_head_json":{"title":"V\u00fdslech d\u00edt\u011bte u soudu \/ V\u00fdslech nezletil\u00e9ho v r\u00e1mci opatrovnick\u00e9ho \u0159\u00edzen\u00ed - AB PARTNERS advok\u00e1ti","robots":{"index":"index","follow":"follow","max-snippet":"max-snippet:-1","max-image-preview":"max-image-preview:large","max-video-preview":"max-video-preview:-1"},"canonical":"https:\/\/www.abpartners.cz\/de\/vyslech-ditete-u-soudu-vyslech-nezletileho-v-ramci-opatrovnickeho-rizeni\/","og_locale":"de_DE","og_type":"article","og_title":"V\u00fdslech d\u00edt\u011bte u soudu \/ V\u00fdslech nezletil\u00e9ho v r\u00e1mci opatrovnick\u00e9ho \u0159\u00edzen\u00ed - AB PARTNERS advok\u00e1ti","og_url":"https:\/\/www.abpartners.cz\/de\/vyslech-ditete-u-soudu-vyslech-nezletileho-v-ramci-opatrovnickeho-rizeni\/","og_site_name":"AB PARTNERS advok\u00e1ti","article_publisher":"https:\/\/www.facebook.com\/abpartners.cz\/","article_published_time":"2024-04-03T20:22:18+00:00","article_modified_time":"2025-02-02T17:16:22+00:00","og_image":[{"width":1080,"height":1080,"url":"https:\/\/www.abpartners.cz\/wp-content\/uploads\/2024\/04\/Kopie-navrhu-ABP-sablona-typizovanych-prispevku_20240903_231810_0000.png","type":"image\/png"}],"author":"AB PARTNERS advok\u00e1ti","twitter_card":"summary_large_image","twitter_creator":"@ABPartners_cz","twitter_site":"@ABPartners_cz","twitter_misc":{"Geschrieben von":"AB PARTNERS advok\u00e1ti","Gesch\u00e4tzte Lesezeit":"13\u00a0Minuten"},"schema":{"@context":"https:\/\/schema.org","@graph":[{"@type":"Article","@id":"https:\/\/www.abpartners.cz\/vyslech-ditete-u-soudu-vyslech-nezletileho-v-ramci-opatrovnickeho-rizeni\/#article","isPartOf":{"@id":"https:\/\/www.abpartners.cz\/vyslech-ditete-u-soudu-vyslech-nezletileho-v-ramci-opatrovnickeho-rizeni\/"},"author":{"name":"AB PARTNERS advok\u00e1ti","@id":"https:\/\/www.abpartners.cz\/#\/schema\/person\/cec65b5b9ccd7df29c9f4949b8310ba8"},"headline":"V\u00fdslech d\u00edt\u011bte u soudu \/ V\u00fdslech nezletil\u00e9ho v r\u00e1mci opatrovnick\u00e9ho \u0159\u00edzen\u00ed","datePublished":"2024-04-03T20:22:18+00:00","dateModified":"2025-02-02T17:16:22+00:00","mainEntityOfPage":{"@id":"https:\/\/www.abpartners.cz\/vyslech-ditete-u-soudu-vyslech-nezletileho-v-ramci-opatrovnickeho-rizeni\/"},"wordCount":4738,"publisher":{"@id":"https:\/\/www.abpartners.cz\/#organization"},"image":{"@id":"https:\/\/www.abpartners.cz\/vyslech-ditete-u-soudu-vyslech-nezletileho-v-ramci-opatrovnickeho-rizeni\/#primaryimage"},"thumbnailUrl":"https:\/\/www.abpartners.cz\/wp-content\/uploads\/2024\/04\/Kopie-navrhu-ABP-sablona-typizovanych-prispevku_20240903_231810_0000.png","articleSection":["Aktuality","Neza\u0159azen\u00e9","Procesn\u00ed pr\u00e1vo","Rodinn\u00e9 pr\u00e1vo"],"inLanguage":"de"},{"@type":"WebPage","@id":"https:\/\/www.abpartners.cz\/vyslech-ditete-u-soudu-vyslech-nezletileho-v-ramci-opatrovnickeho-rizeni\/","url":"https:\/\/www.abpartners.cz\/vyslech-ditete-u-soudu-vyslech-nezletileho-v-ramci-opatrovnickeho-rizeni\/","name":"V\u00fdslech d\u00edt\u011bte u soudu \/ V\u00fdslech nezletil\u00e9ho v r\u00e1mci opatrovnick\u00e9ho \u0159\u00edzen\u00ed - AB PARTNERS advok\u00e1ti","isPartOf":{"@id":"https:\/\/www.abpartners.cz\/#website"},"primaryImageOfPage":{"@id":"https:\/\/www.abpartners.cz\/vyslech-ditete-u-soudu-vyslech-nezletileho-v-ramci-opatrovnickeho-rizeni\/#primaryimage"},"image":{"@id":"https:\/\/www.abpartners.cz\/vyslech-ditete-u-soudu-vyslech-nezletileho-v-ramci-opatrovnickeho-rizeni\/#primaryimage"},"thumbnailUrl":"https:\/\/www.abpartners.cz\/wp-content\/uploads\/2024\/04\/Kopie-navrhu-ABP-sablona-typizovanych-prispevku_20240903_231810_0000.png","datePublished":"2024-04-03T20:22:18+00:00","dateModified":"2025-02-02T17:16:22+00:00","breadcrumb":{"@id":"https:\/\/www.abpartners.cz\/vyslech-ditete-u-soudu-vyslech-nezletileho-v-ramci-opatrovnickeho-rizeni\/#breadcrumb"},"inLanguage":"de","potentialAction":[{"@type":"ReadAction","target":["https:\/\/www.abpartners.cz\/vyslech-ditete-u-soudu-vyslech-nezletileho-v-ramci-opatrovnickeho-rizeni\/"]}]},{"@type":"ImageObject","inLanguage":"de","@id":"https:\/\/www.abpartners.cz\/vyslech-ditete-u-soudu-vyslech-nezletileho-v-ramci-opatrovnickeho-rizeni\/#primaryimage","url":"https:\/\/www.abpartners.cz\/wp-content\/uploads\/2024\/04\/Kopie-navrhu-ABP-sablona-typizovanych-prispevku_20240903_231810_0000.png","contentUrl":"https:\/\/www.abpartners.cz\/wp-content\/uploads\/2024\/04\/Kopie-navrhu-ABP-sablona-typizovanych-prispevku_20240903_231810_0000.png","width":1080,"height":1080},{"@type":"BreadcrumbList","@id":"https:\/\/www.abpartners.cz\/vyslech-ditete-u-soudu-vyslech-nezletileho-v-ramci-opatrovnickeho-rizeni\/#breadcrumb","itemListElement":[{"@type":"ListItem","position":1,"name":"Dom\u016f","item":"https:\/\/www.abpartners.cz\/"},{"@type":"ListItem","position":2,"name":"V\u00fdslech d\u00edt\u011bte u soudu \/ V\u00fdslech nezletil\u00e9ho v r\u00e1mci opatrovnick\u00e9ho \u0159\u00edzen\u00ed"}]},{"@type":"WebSite","@id":"https:\/\/www.abpartners.cz\/#website","url":"https:\/\/www.abpartners.cz\/","name":"AB PARTNERS Rechtsanw\u00e4lte","description":"AB PARTNERS Rechtsanw\u00e4lte","publisher":{"@id":"https:\/\/www.abpartners.cz\/#organization"},"potentialAction":[{"@type":"SearchAction","target":{"@type":"EntryPoint","urlTemplate":"https:\/\/www.abpartners.cz\/?s={search_term_string}"},"query-input":{"@type":"PropertyValueSpecification","valueRequired":true,"valueName":"search_term_string"}}],"inLanguage":"de"},{"@type":"Organization","@id":"https:\/\/www.abpartners.cz\/#organization","name":"AB PARTNERS Rechtsanw\u00e4lte","url":"https:\/\/www.abpartners.cz\/","logo":{"@type":"ImageObject","inLanguage":"de","@id":"https:\/\/www.abpartners.cz\/#\/schema\/logo\/image\/","url":"https:\/\/www.abpartners.cz\/wp-content\/uploads\/2021\/01\/abpartners_regular_rgb_dark.png","contentUrl":"https:\/\/www.abpartners.cz\/wp-content\/uploads\/2021\/01\/abpartners_regular_rgb_dark.png","width":1240,"height":236,"caption":"AB PARTNERS advok\u00e1ti"},"image":{"@id":"https:\/\/www.abpartners.cz\/#\/schema\/logo\/image\/"},"sameAs":["https:\/\/www.facebook.com\/abpartners.cz\/","https:\/\/x.com\/ABPartners_cz","https:\/\/www.linkedin.com\/company\/abpartners\/","https:\/\/www.instagram.com\/abpartners.cz\/"]},{"@type":"Person","@id":"https:\/\/www.abpartners.cz\/#\/schema\/person\/cec65b5b9ccd7df29c9f4949b8310ba8","name":"AB PARTNERS Rechtsanw\u00e4lte","image":{"@type":"ImageObject","inLanguage":"de","@id":"https:\/\/secure.gravatar.com\/avatar\/775df589ee6a682f6cb9c6456799917e3c26a7987090e2a51c06212f2ece585f?s=96&d=mm&r=g","url":"https:\/\/secure.gravatar.com\/avatar\/775df589ee6a682f6cb9c6456799917e3c26a7987090e2a51c06212f2ece585f?s=96&d=mm&r=g","contentUrl":"https:\/\/secure.gravatar.com\/avatar\/775df589ee6a682f6cb9c6456799917e3c26a7987090e2a51c06212f2ece585f?s=96&d=mm&r=g","caption":"AB PARTNERS advok\u00e1ti"},"url":"https:\/\/www.abpartners.cz\/de\/author\/abpartners\/"}]}},"_links":{"self":[{"href":"https:\/\/www.abpartners.cz\/de\/wp-json\/wp\/v2\/posts\/4144","targetHints":{"allow":["GET"]}}],"collection":[{"href":"https:\/\/www.abpartners.cz\/de\/wp-json\/wp\/v2\/posts"}],"about":[{"href":"https:\/\/www.abpartners.cz\/de\/wp-json\/wp\/v2\/types\/post"}],"author":[{"embeddable":true,"href":"https:\/\/www.abpartners.cz\/de\/wp-json\/wp\/v2\/users\/17"}],"replies":[{"embeddable":true,"href":"https:\/\/www.abpartners.cz\/de\/wp-json\/wp\/v2\/comments?post=4144"}],"version-history":[{"count":0,"href":"https:\/\/www.abpartners.cz\/de\/wp-json\/wp\/v2\/posts\/4144\/revisions"}],"wp:featuredmedia":[{"embeddable":true,"href":"https:\/\/www.abpartners.cz\/de\/wp-json\/wp\/v2\/media\/4386"}],"wp:attachment":[{"href":"https:\/\/www.abpartners.cz\/de\/wp-json\/wp\/v2\/media?parent=4144"}],"wp:term":[{"taxonomy":"category","embeddable":true,"href":"https:\/\/www.abpartners.cz\/de\/wp-json\/wp\/v2\/categories?post=4144"},{"taxonomy":"post_tag","embeddable":true,"href":"https:\/\/www.abpartners.cz\/de\/wp-json\/wp\/v2\/tags?post=4144"}],"curies":[{"name":"wp","href":"https:\/\/api.w.org\/{rel}","templated":true}]}}